{"id":1903,"date":"2026-08-23T08:11:01","date_gmt":"2026-08-23T06:11:01","guid":{"rendered":"https:\/\/www.appenninohub.it\/crm\/?p=1903"},"modified":"2026-08-23T08:11:12","modified_gmt":"2026-08-23T06:11:12","slug":"housing-sociale-per-persone-fragili","status":"publish","type":"post","link":"https:\/\/www.appenninohub.it\/crm\/housing-sociale-per-persone-fragili\/","title":{"rendered":"Housing sociale per persone fragili"},"content":{"rendered":"<h2>Obiettivo<\/h2>\n<p>Il bando mira a sostenere l&#8217;avvio di nuovi interventi di abitare sociale, promossi da soggetti pubblici o privati non profit, capaci di rivolgersi in modo mirato alle categorie sociali pi\u00f9 fragili e di mobilitare e catalizzare risorse locali altrimenti non disponibili. Gli obiettivi specifici includono l&#8217;aumento dell&#8217;offerta di alloggi sociali, l&#8217;attivazione di percorsi di accompagnamento e sostegno all&#8217;autonomia delle persone accolte, l&#8217;integrazione nella rete dei servizi, la massimizzazione dell&#8217;accessibilit\u00e0 economica dei servizi di ospitalit\u00e0, e l&#8217;attenzione al risparmio energetico e all&#8217;abbattimento delle emissioni. Il bando intende anche promuovere la realizzazione di &#8216;sistemi territoriali&#8217; di housing sociale per mettere in rete l&#8217;offerta abitativa esistente e gli attori coinvolti, favorendo percorsi di miglioramento e integrazione gestionale.<\/p>\n<h2>Beneficiari<\/h2>\n<p>I beneficiari del bando sono soggetti pubblici o privati non profit. Non possono presentare progetti come capofila gli enti che abbiano gi\u00e0 beneficiato di un contributo sul bando Housing Sociale nelle precedenti annualit\u00e0 e che non abbiano ancora provveduto alla rendicontazione a saldo. I progetti devono essere localizzati in Lombardia e nelle province di Novara e del Verbano-Cusio-Ossola.<\/p>\n<h2>Cosa finanzia<\/h2>\n<p>Il bando finanzia l&#8217;avvio di nuovi servizi di abitare sociale o il potenziamento di servizi esistenti, ma non la gestione o il semplice rilancio di servizi gi\u00e0 operativi. Sono ammissibili progetti che prevedono l&#8217;aumento dell&#8217;offerta abitativa esistente, come alloggi per l&#8217;autonomia e l&#8217;inclusione sociale, alloggi per l&#8217;autonomia &#8216;potenziale&#8217; di persone con disabilit\u00e0, alloggi per l&#8217;autonomia &#8216;residua&#8217; per persone anziane, e strutture di ricettivit\u00e0 temporanea. I progetti possono includere interventi di valorizzazione di patrimonio immobiliare inutilizzato o sottoutilizzato, ma non interventi di nuova costruzione che prevedono consumo di suolo.<\/p>\n<h2>Spese ammissibili<\/h2>\n<p>Sono ammissibili le spese incrementali legate all&#8217;attivazione di nuovi posti, siano esse di natura ammortizzabile (come ristrutturazione, riqualificazione energetica) o relative all&#8217;attivazione e gestione del servizio. I costi devono essere maturati dopo l&#8217;invio del progetto definitivo e possono includere al massimo i costi dei primi 12 mesi di avvio del servizio. Nel caso di interventi su beni immobili, il proprietario deve garantire la disponibilit\u00e0 dell&#8217;immobile con un titolo congruo rispetto agli investimenti e alle prospettive di stabilit\u00e0 del servizio.<\/p>\n<h2>Dotazione finanziaria<\/h2>\n<p>Il budget a disposizione per il 2026 \u00e8 di \u20ac5.000.000.<\/p>\n<h2>Massimali<\/h2>\n<p>Il contributo minimo \u00e8 di \u20ac25.000 e il massimo \u00e8 di \u20ac500.000, non superiore al 50% dei costi totali del progetto.<\/p>\n<h2>Criteri di Valutazione<\/h2>\n<p>I progetti saranno valutati in base alla qualit\u00e0 e pertinenza dell&#8217;analisi del contesto, fattibilit\u00e0 e rapida cantierabilit\u00e0 dell&#8217;iniziativa, massimizzazione dell&#8217;accessibilit\u00e0 economica dei servizi, completezza e congruit\u00e0 del piano economico, presenza di un piano di copertura credibile, ipotesi di sostenibilit\u00e0 futura, qualit\u00e0 ed efficacia della gestione sociale degli alloggi, qualit\u00e0 ed efficacia dei percorsi di accompagnamento individuale, pianificazione della fase di fuoriuscita dal percorso di accompagnamento, capacit\u00e0 di valorizzare le risorse gi\u00e0 presenti sul territorio, capacit\u00e0 di sensibilizzare e coinvolgere la comunit\u00e0 locale, capacit\u00e0 di innovazione nel disegno di risposte residenziali multi-beneficiario, capacit\u00e0 di inserirsi nella filiera dei servizi del territorio, credibilit\u00e0 degli strumenti di monitoraggio, chiara quantificazione del risparmio economico generato dagli interventi di riqualificazione energetica, e riduzione dei consumi di energia da fonte fossile superiore al 30% minimo richiesto dal bando.<\/p>\n<p><strong>Link bando:<\/strong> <a href=\"https:\/\/www.fondazionecariplo.it\/wp-content\/uploads\/2026\/01\/Guida-alla-presentazione-23gen2026.pdf\" target=\"_blank\" rel=\"noopener\">https:\/\/www.fondazionecariplo.it\/wp-content\/uploads\/2026\/01\/Guida-alla-presentazione-23gen2026.pdf<\/a><\/p>\n","protected":false},"excerpt":{"rendered":"<p>Il bando mira a sostenere l&#8217;avvio di nuovi interventi di abitare sociale, promossi da soggetti pubblici o privati non profit, capaci di rivolgersi in modo mirato alle categorie sociali pi\u00f9 fragili e di mobilitare e catalizzare risorse locali altrimenti non disponibili. Gli obiettivi specifici i&#8230;<\/p>\n","protected":false},"author":1,"featured_media":1605,"comment_status":"open","ping_status":"open","sticky":false,"template":"","format":"standard","meta":{"footnotes":""},"categories":[2],"tags":[],"geographic_area":[],"bando_regione":[17,20],"bando_tipologia":[35,40,196],"class_list":["post-1903","post","type-post","status-publish","format-standard","has-post-thumbnail","hentry","category-bandoai","bando_regione-lombardia","bando_regione-piemonte","bando_tipologia-servizi","bando_tipologia-sostenibilita","bando_tipologia-welfare"],"yoast_head":"<!-- This site is optimized with the Yoast SEO plugin v26.7 - https:\/\/yoast.com\/wordpress\/plugins\/seo\/ -->\n<title>Housing sociale per persone fragili<\/title>\n<meta name=\"description\" content=\"Il bando mira a sostenere l&#039;avvio di nuovi interventi di abitare sociale, promossi da soggetti pubblici o privati non profit, capaci di rivolgersi in m...\" \/>\n<meta name=\"robots\" content=\"noindex, follow, max-snippet:-1, max-image-preview:large, max-video-preview:-1\" \/>\n<meta property=\"og:locale\" content=\"it_IT\" \/>\n<meta property=\"og:type\" content=\"article\" \/>\n<meta property=\"og:title\" content=\"Housing sociale per persone fragili\" \/>\n<meta property=\"og:description\" content=\"Il bando mira a sostenere l&#039;avvio di nuovi interventi di abitare sociale, promossi da soggetti pubblici o privati non profit, capaci di rivolgersi in m...\" \/>\n<meta property=\"og:url\" content=\"https:\/\/www.appenninohub.it\/crm\/?p=1903\" \/>\n<meta property=\"og:site_name\" content=\"Appenninol&#039;Hub AI Monitor\" \/>\n<meta property=\"article:published_time\" content=\"2026-08-23T06:11:01+00:00\" \/>\n<meta property=\"article:modified_time\" content=\"2026-08-23T06:11:12+00:00\" \/>\n<meta property=\"og:image\" content=\"https:\/\/www.appenninohub.it\/crm\/wp-content\/uploads\/2026\/03\/fondazione-cariplo.png\" \/>\n\t<meta property=\"og:image:width\" content=\"1576\" \/>\n\t<meta property=\"og:image:height\" content=\"372\" \/>\n\t<meta property=\"og:image:type\" content=\"image\/png\" \/>\n<meta name=\"author\" content=\"Andrea Zanzini\" \/>\n<meta name=\"twitter:card\" content=\"summary_large_image\" \/>\n<meta name=\"twitter:title\" content=\"Housing sociale per persone fragili\" \/>\n<meta name=\"twitter:description\" content=\"Il bando mira a sostenere l&#039;avvio di nuovi interventi di abitare sociale, promossi da soggetti pubblici o privati non profit, capaci di rivolgersi in m...\" \/>\n<meta name=\"twitter:label1\" content=\"Scritto da\" \/>\n\t<meta name=\"twitter:data1\" content=\"Andrea Zanzini\" \/>\n\t<meta name=\"twitter:label2\" content=\"Tempo di lettura stimato\" \/>\n\t<meta name=\"twitter:data2\" content=\"3 minuti\" \/>\n<script type=\"application\/ld+json\" class=\"yoast-schema-graph\">{\"@context\":\"https:\/\/schema.org\",\"@graph\":[{\"@type\":\"Article\",\"@id\":\"https:\/\/www.appenninohub.it\/crm\/?p=1903#article\",\"isPartOf\":{\"@id\":\"https:\/\/www.appenninohub.it\/crm\/housing-sociale-per-persone-fragili\/\"},\"author\":{\"name\":\"Andrea Zanzini\",\"@id\":\"https:\/\/www.appenninohub.it\/crm\/#\/schema\/person\/3c41383ece97157a14d1ac8c1c785a30\"},\"headline\":\"Housing sociale per persone fragili\",\"datePublished\":\"2026-08-23T06:11:01+00:00\",\"dateModified\":\"2026-08-23T06:11:12+00:00\",\"mainEntityOfPage\":{\"@id\":\"https:\/\/www.appenninohub.it\/crm\/housing-sociale-per-persone-fragili\/\"},\"wordCount\":544,\"commentCount\":0,\"publisher\":{\"@id\":\"https:\/\/www.appenninohub.it\/crm\/#organization\"},\"image\":{\"@id\":\"https:\/\/www.appenninohub.it\/crm\/?p=1903#primaryimage\"},\"thumbnailUrl\":\"https:\/\/www.appenninohub.it\/crm\/wp-content\/uploads\/2026\/03\/fondazione-cariplo.png\",\"articleSection\":[\"BandoAI\"],\"inLanguage\":\"it-IT\",\"potentialAction\":[{\"@type\":\"CommentAction\",\"name\":\"Comment\",\"target\":[\"https:\/\/www.appenninohub.it\/crm\/?p=1903#respond\"]}]},{\"@type\":\"WebPage\",\"@id\":\"https:\/\/www.appenninohub.it\/crm\/housing-sociale-per-persone-fragili\/\",\"url\":\"https:\/\/www.appenninohub.it\/crm\/?p=1903\",\"name\":\"Housing sociale per persone fragili\",\"isPartOf\":{\"@id\":\"https:\/\/www.appenninohub.it\/crm\/#website\"},\"primaryImageOfPage\":{\"@id\":\"https:\/\/www.appenninohub.it\/crm\/?p=1903#primaryimage\"},\"image\":{\"@id\":\"https:\/\/www.appenninohub.it\/crm\/?p=1903#primaryimage\"},\"thumbnailUrl\":\"https:\/\/www.appenninohub.it\/crm\/wp-content\/uploads\/2026\/03\/fondazione-cariplo.png\",\"datePublished\":\"2026-08-23T06:11:01+00:00\",\"dateModified\":\"2026-08-23T06:11:12+00:00\",\"description\":\"Il bando mira a sostenere l'avvio di nuovi interventi di abitare sociale, promossi da soggetti pubblici o privati non profit, capaci di rivolgersi in m...\",\"breadcrumb\":{\"@id\":\"https:\/\/www.appenninohub.it\/crm\/?p=1903#breadcrumb\"},\"inLanguage\":\"it-IT\",\"potentialAction\":[{\"@type\":\"ReadAction\",\"target\":[\"https:\/\/www.appenninohub.it\/crm\/?p=1903\"]}]},{\"@type\":\"ImageObject\",\"inLanguage\":\"it-IT\",\"@id\":\"https:\/\/www.appenninohub.it\/crm\/?p=1903#primaryimage\",\"url\":\"https:\/\/www.appenninohub.it\/crm\/wp-content\/uploads\/2026\/03\/fondazione-cariplo.png\",\"contentUrl\":\"https:\/\/www.appenninohub.it\/crm\/wp-content\/uploads\/2026\/03\/fondazione-cariplo.png\",\"width\":1576,\"height\":372},{\"@type\":\"BreadcrumbList\",\"@id\":\"https:\/\/www.appenninohub.it\/crm\/?p=1903#breadcrumb\",\"itemListElement\":[{\"@type\":\"ListItem\",\"position\":1,\"name\":\"Home\",\"item\":\"https:\/\/www.appenninohub.it\/crm\/\"},{\"@type\":\"ListItem\",\"position\":2,\"name\":\"Housing sociale per persone fragili\"}]},{\"@type\":\"WebSite\",\"@id\":\"https:\/\/www.appenninohub.it\/crm\/#website\",\"url\":\"https:\/\/www.appenninohub.it\/crm\/\",\"name\":\"APH CRM\",\"description\":\"\",\"publisher\":{\"@id\":\"https:\/\/www.appenninohub.it\/crm\/#organization\"},\"potentialAction\":[{\"@type\":\"SearchAction\",\"target\":{\"@type\":\"EntryPoint\",\"urlTemplate\":\"https:\/\/www.appenninohub.it\/crm\/?s={search_term_string}\"},\"query-input\":{\"@type\":\"PropertyValueSpecification\",\"valueRequired\":true,\"valueName\":\"search_term_string\"}}],\"inLanguage\":\"it-IT\"},{\"@type\":\"Organization\",\"@id\":\"https:\/\/www.appenninohub.it\/crm\/#organization\",\"name\":\"APH CRM\",\"url\":\"https:\/\/www.appenninohub.it\/crm\/\",\"logo\":{\"@type\":\"ImageObject\",\"inLanguage\":\"it-IT\",\"@id\":\"https:\/\/www.appenninohub.it\/crm\/#\/schema\/logo\/image\/\",\"url\":\"https:\/\/www.appenninohub.it\/crm\/wp-content\/uploads\/2025\/11\/logo-appennino-lhub-copyright-appenninolhub.webp\",\"contentUrl\":\"https:\/\/www.appenninohub.it\/crm\/wp-content\/uploads\/2025\/11\/logo-appennino-lhub-copyright-appenninolhub.webp\",\"width\":512,\"height\":512,\"caption\":\"APH CRM\"},\"image\":{\"@id\":\"https:\/\/www.appenninohub.it\/crm\/#\/schema\/logo\/image\/\"}},{\"@type\":\"Person\",\"@id\":\"https:\/\/www.appenninohub.it\/crm\/#\/schema\/person\/3c41383ece97157a14d1ac8c1c785a30\",\"name\":\"Andrea Zanzini\",\"image\":{\"@type\":\"ImageObject\",\"inLanguage\":\"it-IT\",\"@id\":\"https:\/\/www.appenninohub.it\/crm\/#\/schema\/person\/image\/\",\"url\":\"https:\/\/secure.gravatar.com\/avatar\/4a81f5aa1e31d248320bdd941a02711811d9d16df796bce966fe49a2a497912b?s=96&d=mm&r=g\",\"contentUrl\":\"https:\/\/secure.gravatar.com\/avatar\/4a81f5aa1e31d248320bdd941a02711811d9d16df796bce966fe49a2a497912b?s=96&d=mm&r=g\",\"caption\":\"Andrea Zanzini\"},\"sameAs\":[\"https:\/\/www.appenninohub.it\/crm\"],\"url\":\"https:\/\/www.appenninohub.it\/crm\/author\/andrea-zanzini\/\"}]}<\/script>\n<!-- \/ Yoast SEO plugin. -->","yoast_head_json":{"title":"Housing sociale per persone fragili","description":"Il bando mira a sostenere l'avvio di nuovi interventi di abitare sociale, promossi da soggetti pubblici o privati non profit, capaci di rivolgersi in m...","robots":{"index":"noindex","follow":"follow","max-snippet":"max-snippet:-1","max-image-preview":"max-image-preview:large","max-video-preview":"max-video-preview:-1"},"og_locale":"it_IT","og_type":"article","og_title":"Housing sociale per persone fragili","og_description":"Il bando mira a sostenere l'avvio di nuovi interventi di abitare sociale, promossi da soggetti pubblici o privati non profit, capaci di rivolgersi in m...","og_url":"https:\/\/www.appenninohub.it\/crm\/?p=1903","og_site_name":"Appenninol&#039;Hub AI Monitor","article_published_time":"2026-08-23T06:11:01+00:00","article_modified_time":"2026-08-23T06:11:12+00:00","og_image":[{"width":1576,"height":372,"url":"https:\/\/www.appenninohub.it\/crm\/wp-content\/uploads\/2026\/03\/fondazione-cariplo.png","type":"image\/png"}],"author":"Andrea Zanzini","twitter_card":"summary_large_image","twitter_title":"Housing sociale per persone fragili","twitter_description":"Il bando mira a sostenere l'avvio di nuovi interventi di abitare sociale, promossi da soggetti pubblici o privati non profit, capaci di rivolgersi in m...","twitter_misc":{"Scritto da":"Andrea Zanzini","Tempo di lettura stimato":"3 minuti"},"schema":{"@context":"https:\/\/schema.org","@graph":[{"@type":"Article","@id":"https:\/\/www.appenninohub.it\/crm\/?p=1903#article","isPartOf":{"@id":"https:\/\/www.appenninohub.it\/crm\/housing-sociale-per-persone-fragili\/"},"author":{"name":"Andrea Zanzini","@id":"https:\/\/www.appenninohub.it\/crm\/#\/schema\/person\/3c41383ece97157a14d1ac8c1c785a30"},"headline":"Housing sociale per persone fragili","datePublished":"2026-08-23T06:11:01+00:00","dateModified":"2026-08-23T06:11:12+00:00","mainEntityOfPage":{"@id":"https:\/\/www.appenninohub.it\/crm\/housing-sociale-per-persone-fragili\/"},"wordCount":544,"commentCount":0,"publisher":{"@id":"https:\/\/www.appenninohub.it\/crm\/#organization"},"image":{"@id":"https:\/\/www.appenninohub.it\/crm\/?p=1903#primaryimage"},"thumbnailUrl":"https:\/\/www.appenninohub.it\/crm\/wp-content\/uploads\/2026\/03\/fondazione-cariplo.png","articleSection":["BandoAI"],"inLanguage":"it-IT","potentialAction":[{"@type":"CommentAction","name":"Comment","target":["https:\/\/www.appenninohub.it\/crm\/?p=1903#respond"]}]},{"@type":"WebPage","@id":"https:\/\/www.appenninohub.it\/crm\/housing-sociale-per-persone-fragili\/","url":"https:\/\/www.appenninohub.it\/crm\/?p=1903","name":"Housing sociale per persone fragili","isPartOf":{"@id":"https:\/\/www.appenninohub.it\/crm\/#website"},"primaryImageOfPage":{"@id":"https:\/\/www.appenninohub.it\/crm\/?p=1903#primaryimage"},"image":{"@id":"https:\/\/www.appenninohub.it\/crm\/?p=1903#primaryimage"},"thumbnailUrl":"https:\/\/www.appenninohub.it\/crm\/wp-content\/uploads\/2026\/03\/fondazione-cariplo.png","datePublished":"2026-08-23T06:11:01+00:00","dateModified":"2026-08-23T06:11:12+00:00","description":"Il bando mira a sostenere l'avvio di nuovi interventi di abitare sociale, promossi da soggetti pubblici o privati non profit, capaci di rivolgersi in m...","breadcrumb":{"@id":"https:\/\/www.appenninohub.it\/crm\/?p=1903#breadcrumb"},"inLanguage":"it-IT","potentialAction":[{"@type":"ReadAction","target":["https:\/\/www.appenninohub.it\/crm\/?p=1903"]}]},{"@type":"ImageObject","inLanguage":"it-IT","@id":"https:\/\/www.appenninohub.it\/crm\/?p=1903#primaryimage","url":"https:\/\/www.appenninohub.it\/crm\/wp-content\/uploads\/2026\/03\/fondazione-cariplo.png","contentUrl":"https:\/\/www.appenninohub.it\/crm\/wp-content\/uploads\/2026\/03\/fondazione-cariplo.png","width":1576,"height":372},{"@type":"BreadcrumbList","@id":"https:\/\/www.appenninohub.it\/crm\/?p=1903#breadcrumb","itemListElement":[{"@type":"ListItem","position":1,"name":"Home","item":"https:\/\/www.appenninohub.it\/crm\/"},{"@type":"ListItem","position":2,"name":"Housing sociale per persone fragili"}]},{"@type":"WebSite","@id":"https:\/\/www.appenninohub.it\/crm\/#website","url":"https:\/\/www.appenninohub.it\/crm\/","name":"APH CRM","description":"","publisher":{"@id":"https:\/\/www.appenninohub.it\/crm\/#organization"},"potentialAction":[{"@type":"SearchAction","target":{"@type":"EntryPoint","urlTemplate":"https:\/\/www.appenninohub.it\/crm\/?s={search_term_string}"},"query-input":{"@type":"PropertyValueSpecification","valueRequired":true,"valueName":"search_term_string"}}],"inLanguage":"it-IT"},{"@type":"Organization","@id":"https:\/\/www.appenninohub.it\/crm\/#organization","name":"APH CRM","url":"https:\/\/www.appenninohub.it\/crm\/","logo":{"@type":"ImageObject","inLanguage":"it-IT","@id":"https:\/\/www.appenninohub.it\/crm\/#\/schema\/logo\/image\/","url":"https:\/\/www.appenninohub.it\/crm\/wp-content\/uploads\/2025\/11\/logo-appennino-lhub-copyright-appenninolhub.webp","contentUrl":"https:\/\/www.appenninohub.it\/crm\/wp-content\/uploads\/2025\/11\/logo-appennino-lhub-copyright-appenninolhub.webp","width":512,"height":512,"caption":"APH CRM"},"image":{"@id":"https:\/\/www.appenninohub.it\/crm\/#\/schema\/logo\/image\/"}},{"@type":"Person","@id":"https:\/\/www.appenninohub.it\/crm\/#\/schema\/person\/3c41383ece97157a14d1ac8c1c785a30","name":"Andrea Zanzini","image":{"@type":"ImageObject","inLanguage":"it-IT","@id":"https:\/\/www.appenninohub.it\/crm\/#\/schema\/person\/image\/","url":"https:\/\/secure.gravatar.com\/avatar\/4a81f5aa1e31d248320bdd941a02711811d9d16df796bce966fe49a2a497912b?s=96&d=mm&r=g","contentUrl":"https:\/\/secure.gravatar.com\/avatar\/4a81f5aa1e31d248320bdd941a02711811d9d16df796bce966fe49a2a497912b?s=96&d=mm&r=g","caption":"Andrea Zanzini"},"sameAs":["https:\/\/www.appenninohub.it\/crm"],"url":"https:\/\/www.appenninohub.it\/crm\/author\/andrea-zanzini\/"}]}},"_links":{"self":[{"href":"https:\/\/www.appenninohub.it\/crm\/wp-json\/wp\/v2\/posts\/1903","targetHints":{"allow":["GET"]}}],"collection":[{"href":"https:\/\/www.appenninohub.it\/crm\/wp-json\/wp\/v2\/posts"}],"about":[{"href":"https:\/\/www.appenninohub.it\/crm\/wp-json\/wp\/v2\/types\/post"}],"author":[{"embeddable":true,"href":"https:\/\/www.appenninohub.it\/crm\/wp-json\/wp\/v2\/users\/1"}],"replies":[{"embeddable":true,"href":"https:\/\/www.appenninohub.it\/crm\/wp-json\/wp\/v2\/comments?post=1903"}],"version-history":[{"count":1,"href":"https:\/\/www.appenninohub.it\/crm\/wp-json\/wp\/v2\/posts\/1903\/revisions"}],"predecessor-version":[{"id":1904,"href":"https:\/\/www.appenninohub.it\/crm\/wp-json\/wp\/v2\/posts\/1903\/revisions\/1904"}],"wp:featuredmedia":[{"embeddable":true,"href":"https:\/\/www.appenninohub.it\/crm\/wp-json\/wp\/v2\/media\/1605"}],"wp:attachment":[{"href":"https:\/\/www.appenninohub.it\/crm\/wp-json\/wp\/v2\/media?parent=1903"}],"wp:term":[{"taxonomy":"category","embeddable":true,"href":"https:\/\/www.appenninohub.it\/crm\/wp-json\/wp\/v2\/categories?post=1903"},{"taxonomy":"post_tag","embeddable":true,"href":"https:\/\/www.appenninohub.it\/crm\/wp-json\/wp\/v2\/tags?post=1903"},{"taxonomy":"geographic_area","embeddable":true,"href":"https:\/\/www.appenninohub.it\/crm\/wp-json\/wp\/v2\/geographic_area?post=1903"},{"taxonomy":"bando_regione","embeddable":true,"href":"https:\/\/www.appenninohub.it\/crm\/wp-json\/wp\/v2\/bando_regione?post=1903"},{"taxonomy":"bando_tipologia","embeddable":true,"href":"https:\/\/www.appenninohub.it\/crm\/wp-json\/wp\/v2\/bando_tipologia?post=1903"}],"curies":[{"name":"wp","href":"https:\/\/api.w.org\/{rel}","templated":true}]}}